{"id":874,"date":"2023-02-28T00:38:11","date_gmt":"2023-02-28T00:38:11","guid":{"rendered":"https:\/\/verdeestereo.com\/radio\/?p=874"},"modified":"2023-03-02T01:20:37","modified_gmt":"2023-03-02T01:20:37","slug":"anhelado-proyecto-de-pavimentacion-inicia-a-mediados-de-marzo","status":"publish","type":"post","link":"https:\/\/verdeestereo.com\/radio\/index.php\/2023\/02\/28\/anhelado-proyecto-de-pavimentacion-inicia-a-mediados-de-marzo\/","title":{"rendered":"ANHELADO PROYECTO DE PAVIMENTACI\u00d3N INICIA A MEDIADOS DE MARZO"},"content":{"rendered":"\n<p>El alcalde municipal de Gualmat\u00e1n Ingeniero Hugo Hern\u00e1n Mej\u00eda Revelo junto a secretaria de Gobierno, de Planeaci\u00f3n; comandante de polic\u00eda y personal del ej\u00e9rcito nacional, estuvieron hablando del tema de seguridad en el espacio radial Sue\u00f1o Verde del fin de semana de emisora comunitaria Verde Est\u00e9reo, este s\u00e1bado 25 de febrero a las 11:00 am, dando a\u00a0 conocer, medidas en cuanto a luminarias; c\u00e1maras de seguridad; presencia del ejercito nacional en el territorio; consejos de seguridad; campa\u00f1as adelantadas y la articulaci\u00f3n con polic\u00eda nacional. Se recibi\u00f3 muchas inquietudes de la ciudadan\u00eda que refuerzan la preocupaci\u00f3n sobre el tema de seguridad ciudadana, pero tambi\u00e9n de orden p\u00fablico, como el tremendo ruido de los carros cantina principalmente en las noches los fines de semana y que proliferan cada vez m\u00e1s.<\/p>\n\n\n\n<figure class=\"wp-block-image size-large\"><img decoding=\"async\" loading=\"lazy\" width=\"1024\" height=\"768\" src=\"https:\/\/verdeestereo.com\/radio\/wp-content\/uploads\/2023\/02\/20230225_114155-1024x768.jpg\" alt=\"\" class=\"wp-image-880\" srcset=\"https:\/\/verdeestereo.com\/radio\/wp-content\/uploads\/2023\/02\/20230225_114155-1024x768.jpg 1024w, https:\/\/verdeestereo.com\/radio\/wp-content\/uploads\/2023\/02\/20230225_114155-300x225.jpg 300w, https:\/\/verdeestereo.com\/radio\/wp-content\/uploads\/2023\/02\/20230225_114155-768x576.jpg 768w, https:\/\/verdeestereo.com\/radio\/wp-content\/uploads\/2023\/02\/20230225_114155-1536x1152.jpg 1536w, https:\/\/verdeestereo.com\/radio\/wp-content\/uploads\/2023\/02\/20230225_114155-2048x1536.jpg 2048w\" sizes=\"(max-width: 1024px) 100vw, 1024px\" \/><\/figure>\n\n\n\n<p>El alcalde igualmente agradeci\u00f3 y felicit\u00f3 a las comunidades por la participaci\u00f3n del Desfile Hist\u00f3rico de Gualmat\u00e1n en su versi\u00f3n N\u00b0 54. Tambi\u00e9n se habl\u00f3 de varios proyectos, entre ellos los de reposici\u00f3n de alcantarillado que se vienen adelantado en el municipio, como es el caso de la vereda Dos Caminos; barrio Fundadores; as\u00ed mismo carro recolector de la basura en pr\u00f3ximas semanas y otros proyectos priorizados con fondo municipal en el Plan Departamental de Aguas PDA y Gobernaci\u00f3n de Nari\u00f1o. Tambi\u00e9n se dio a conocer la buena noticia del proyecto de pavimentaci\u00f3n de la calle central que ya est\u00e1 aprobado, han sido asignados los recursos y esta en la etapa de invitaci\u00f3n publica; asegur\u00f3 el alcalde que a mediados de marzo estar\u00e1 comenzando las obras de este proyecto tan ansiado por la comunidad, a ra\u00edz que la calle 5\u00aa y alrededores del parque Bol\u00edvar est\u00e1n totalmente deteriorados, causando gran incomodidad, peligro, mala imagen y no aguanta mas parches.<\/p>\n\n\n\n<p>Ante la pregunta sobre el alcance del proyecto aprobado, el alcalde respondi\u00f3 que se tuvo que reducir su alcance, no cubre la avenida El Array\u00e1n. El proyecto aprobado es a partir de barrio Puente Hormaza, calle 5\u00aa y parque Bol\u00edvar, esto por solicitud del gobernador a ra\u00edz de los pocos recursos del departamento, por los innumerables inconvenientes que afronta la regi\u00f3n; comenta el alcalde que esta petici\u00f3n de reducir el alcance de los proyectos y su costo, ha sido del gobernador a todos los municipios que tienen proyecto viabilizados. Dijo el alcalde que hay varios proyectos en curso, se han formulado y presentado ante las entidades respectivas a nivel departamental y nacional, en ese sentido la tarea se ha hecho, y se gestiona para que sean aprobados.<\/p>\n\n\n\n<figure class=\"wp-block-image size-large\"><img decoding=\"async\" loading=\"lazy\" width=\"1024\" height=\"768\" src=\"https:\/\/verdeestereo.com\/radio\/wp-content\/uploads\/2023\/02\/20230225_111959-1024x768.jpg\" alt=\"\" class=\"wp-image-883\" srcset=\"https:\/\/verdeestereo.com\/radio\/wp-content\/uploads\/2023\/02\/20230225_111959-1024x768.jpg 1024w, https:\/\/verdeestereo.com\/radio\/wp-content\/uploads\/2023\/02\/20230225_111959-300x225.jpg 300w, https:\/\/verdeestereo.com\/radio\/wp-content\/uploads\/2023\/02\/20230225_111959-768x576.jpg 768w, https:\/\/verdeestereo.com\/radio\/wp-content\/uploads\/2023\/02\/20230225_111959-1536x1152.jpg 1536w, https:\/\/verdeestereo.com\/radio\/wp-content\/uploads\/2023\/02\/20230225_111959-2048x1536.jpg 2048w\" sizes=\"(max-width: 1024px) 100vw, 1024px\" \/><\/figure>\n\n\n\n<p>Finalmente, desde la emisora comunitaria se le hizo la invitaci\u00f3n al mandatario municipal para que sus informes sean m\u00e1s frecuentes ante la opini\u00f3n p\u00fablica, eso debido a que son muchas las inquietudes que llueven respecto a diversos temas que inquietan a la ciudadan\u00eda de la zona urbana y rural de Gualmat\u00e1n, muchos de los cuales escriben al WhatsApp de la emisora con sus inquietudes y preguntas, pero no se alcanza a tramitar cuando hacen presencia las autoridades municipales en el medio radial.<\/p>\n\n\n\n<p>La secretaria de planeaci\u00f3n dio a conocer detalladamente varios proyectos que se vienen adelantando en el municipio con la participaci\u00f3n comunidades, especialmente juntas comunales.<\/p>\n\n\n\n<p>La secretaria de Gobierno la se\u00f1ora Alexandra Vallejo dio a conocer lo que se est\u00e1 adelantando en el tema de seguridad en compa\u00f1\u00eda de comandante de polic\u00eda Gualmat\u00e1n y personal del ejercito que ha sido tra\u00eddo al municipio para ayudar a combatir la delincuencia; y finalmente el tema de educaci\u00f3n, como la entrega de las mochilas escolares.<\/p>\n","protected":false},"excerpt":{"rendered":"<p>El alcalde municipal de Gualmat\u00e1n Ingeniero Hugo Hern\u00e1n Mej\u00eda Revelo junto a secretaria de Gobierno, de Planeaci\u00f3n; comandante de polic\u00eda<\/p>\n","protected":false},"author":3,"featured_media":875,"comment_status":"open","ping_status":"open","sticky":false,"template":"","format":"standard","meta":[],"categories":[33,14],"tags":[],"_links":{"self":[{"href":"https:\/\/verdeestereo.com\/radio\/index.php\/wp-json\/wp\/v2\/posts\/874"}],"collection":[{"href":"https:\/\/verdeestereo.com\/radio\/index.php\/wp-json\/wp\/v2\/posts"}],"about":[{"href":"https:\/\/verdeestereo.com\/radio\/index.php\/wp-json\/wp\/v2\/types\/post"}],"author":[{"embeddable":true,"href":"https:\/\/verdeestereo.com\/radio\/index.php\/wp-json\/wp\/v2\/users\/3"}],"replies":[{"embeddable":true,"href":"https:\/\/verdeestereo.com\/radio\/index.php\/wp-json\/wp\/v2\/comments?post=874"}],"version-history":[{"count":5,"href":"https:\/\/verdeestereo.com\/radio\/index.php\/wp-json\/wp\/v2\/posts\/874\/revisions"}],"predecessor-version":[{"id":890,"href":"https:\/\/verdeestereo.com\/radio\/index.php\/wp-json\/wp\/v2\/posts\/874\/revisions\/890"}],"wp:featuredmedia":[{"embeddable":true,"href":"https:\/\/verdeestereo.com\/radio\/index.php\/wp-json\/wp\/v2\/media\/875"}],"wp:attachment":[{"href":"https:\/\/verdeestereo.com\/radio\/index.php\/wp-json\/wp\/v2\/media?parent=874"}],"wp:term":[{"taxonomy":"category","embeddable":true,"href":"https:\/\/verdeestereo.com\/radio\/index.php\/wp-json\/wp\/v2\/categories?post=874"},{"taxonomy":"post_tag","embeddable":true,"href":"https:\/\/verdeestereo.com\/radio\/index.php\/wp-json\/wp\/v2\/tags?post=874"}],"curies":[{"name":"wp","href":"https:\/\/api.w.org\/{rel}","templated":true}]}}