{"id":132,"date":"2023-06-15T09:43:30","date_gmt":"2023-06-15T09:43:30","guid":{"rendered":"http:\/\/demo.themegrill.com\/colormag\/?p=132"},"modified":"2023-09-19T17:06:43","modified_gmt":"2023-09-19T17:06:43","slug":"bodas_plata_resumen","status":"publish","type":"post","link":"https:\/\/verdeestereo.com\/radio\/index.php\/2023\/06\/15\/bodas_plata_resumen\/","title":{"rendered":"CELEBRACION BODAS DE PLATA CAMPO VERDE ESTEREO 104.3 FM."},"content":{"rendered":"<p>El d\u00eda 6 de junio del a\u00f1o 2023 la emisora comunitaria del municipio de Gualmat\u00e1n Campo Verde Est\u00e9reo 104.3 FM cumpli\u00f3 25 a\u00f1os de estar al aire sirviendo a su comunidad y pueblos aleda\u00f1os, agradecemos la respuesta positiva para celebrar este acontecimiento, a los integrantes de la asociaci\u00f3n Campo Verde, a los locutores de Verde Est\u00e9reo, a fundadores de la estaci\u00f3n radial; especialmente al homenaje que nos hizo el honorable Concejo Municipal de Gualmat\u00e1n el d\u00eda anterior; a la Asamblea Departamental por su reconocimiento al trabajo ambiental de Verde Est\u00e9reo; a la colonia de Gualmat\u00e1n residente en la ciudad de Cali Valle; a los se\u00f1ores precandidatos a la alcald\u00eda de Gualmat\u00e1n; al Pbro. Benancio Figueroa p\u00e1rroco de Gualmat\u00e1n; a la Instituci\u00f3n Educativa T\u00e9cnica Promoci\u00f3n Social; a quienes hicieron llegar sus bellos detalles; los innumerables mensajes por Facebook, por WhatsApp, llamadas telef\u00f3nicas.<\/p>\n<p>La misi\u00f3n de \u201cLa Verde\u201d como se la conoce, ha sido la ecolog\u00eda y la cultura. En estos 25 a\u00f1os se ha logrado fortalecer las manifestaciones culturales y la cultura ambiental; pero igualmente la participaci\u00f3n ciudadana, el fortalecimiento de lo p\u00fablico; el sentido de pertenec\u00eda, la cultura de la convivencia.<\/p>\n<p>La emisora tiene su origen en la asociaci\u00f3n Campo Verde y su trabajo ambiental, somos un grupo de ciudadanos hombres y mujeres que queremos un ambiente sano para nuestros hijos y comunidad en general, y con gran sentido de pertenec\u00eda, identidad por el territorio y su historia, su cultura, sus tradiciones y manifestaciones art\u00edsticas.<\/p>\n<p>Campo Verde Est\u00e9reo funciona legalmente con licencia de ministerio de las TIC, pero sobre todo con el querer hacer radio de muchas personas, entre locutores y programadores de la comunidad. Es as\u00ed como han pasado por esta estaci\u00f3n radial ni\u00f1os, j\u00f3venes, personas de la tercera edad, juntas comunales, instituciones, artistas campesinos, lideres comunitarios y ambientales; mujeres lideresas, muchas autoridades y personajes, etc., y en fin una gran cantidad de personas de nuestra comunidad. Se hace periodismo comunitario y ambiental, se promueven valores, derechos, movilizaci\u00f3n por lo ambiental y cultural; eventos sociales, se apoya causas comunitarias.<\/p>\n<p>Por Campo Verde Est\u00e9reo se han ejecutado muchos proyectos gracias al apoyo de la VOLUNTAD DE gente gualmat\u00e9nse, igualmente Ministerio de Cultura, secretaria de cultura de Nari\u00f1o. Algunos de los proyectos que se han trabajado dejando inolvidables resultados son: \u201cHay cantare sal Sur en Verde Sepia y Azul\u201d; programa de m\u00fasica campesina de la provincia de Obando \u201cYo Soy del Sur\u201d; Franja Radial Radios Ciudadanas; Franja Radial Radio Paja Blanca; \u00c1lbum musical Canto a la Naturaleza; peri\u00f3dico comunitario \u201cMi Tierra\u201d, etc. Varios proyectos e iniciativas se han hecho con financiaci\u00f3n, pero otros sin ning\u00fan apoyo econ\u00f3mico, \u00fanicamente el entusiasmo y el querer de quienes hacemos parte del proyecto radial.<\/p>\n<p>Recordamos con cari\u00f1o los grupos musicales que por 15 a\u00f1os visitaron la emisora con mucha alegr\u00eda, talento y acompa\u00f1ados de sus comunidades al programa \u201cYo Soy del Sur\u201d; a las varias promociones de j\u00f3venes que hicieron \u201cMundo Joven\u201d que n este a\u00f1o 2023 vuelven nuevamente en los 50 a\u00f1os de la I. E. T. Promoci\u00f3n Social; a las ni\u00f1as y ni\u00f1os que hicieron el programa \u201cEscalera de Fantas\u00eda\u201d; a los lideres comunitarios con su programa \u201cAcci\u00f3n Comunal al Aire\u201d; a ciudadanos y ciudadanas que conformamos el Grupo Colibr\u00ed con el programa \u201cSue\u00f1o Verde En Acci\u00f3n\u201d; a los j\u00f3venes del colegio San Jos\u00e9 y \u201cla Cris\u00e1lida\u201d, ganadores de varios premios a nivel departamental; a j\u00f3venes lideres de Gualmat\u00e1n con \u201cJuventud en Acci\u00f3n\u201d, entre otros.<\/p>\n<p>Recordamos a excelentes locutores y entusiastas de la cultura y el medio ambiente que nos acompa\u00f1aron en nuestro proyecto radial y la asociaci\u00f3n Campo Verde, con su trabajo entusiasta y entrega, como: Carlos Rigoberto Oviedo Pantoja; Julio Chamorro Coral; Luis Vicente Ortega; Ildefonso Huertas; Brayan Vallejo; Mauricio Vallejo Romero; todos ellos que en paz descansen.<\/p>\n<p>Gracias comunidad de Gualmat\u00e1n y comunidades vecinas de otros municipios que por 25 a\u00f1os han sido fieles a la radio verde, a ustedes nos debemos y seguiremos adelante por muchos a\u00f1os mas muestras Dios nos de la vida y la salud. Un abrazo fuerte a cada uno de quienes se manifestaron, siempre los tendremos n cuenta.<\/p>\n\n\n<figure class=\"wp-block-video\"><video controls src=\"https:\/\/archive.org\/download\/bodasdePlata\/collageVerde.mp4\"><\/video><\/figure>\n\n\n\n<a class=\"wp-element-button\" onclick=\"window.open('http:\/\/www.facebook.com\/share.php?u='+window.location.href, '_blank');\">\n  <img decoding=\"async\" src=\"https:\/\/oscarjavierortega.com\/img\/facebook.svg\" width=\"35\">\n<\/a>\n\n\n\n<hr class=\"wp-block-separator has-alpha-channel-opacity is-style-default\"\/>\n\n\n\n<script async src=\"https:\/\/pagead2.googlesyndication.com\/pagead\/js\/adsbygoogle.js?client=ca-pub-6777619806869935\"\n     crossorigin=\"anonymous\"><\/script>\n<!-- verdeAds1 -->\n<ins class=\"adsbygoogle\"\n     style=\"display:block\"\n     data-ad-client=\"ca-pub-6777619806869935\"\n     data-ad-slot=\"7442590687\"\n     data-ad-format=\"auto\"\n     data-full-width-responsive=\"true\"><\/ins>\n<script>\n     (adsbygoogle = window.adsbygoogle || []).push({});\n<\/script>\n","protected":false},"excerpt":{"rendered":"<p>El d\u00eda 6 de junio del a\u00f1o 2023 la emisora comunitaria del municipio de Gualmat\u00e1n Campo Verde Est\u00e9reo 104.3 FM<\/p>\n","protected":false},"author":3,"featured_media":1151,"comment_status":"closed","ping_status":"closed","sticky":false,"template":"","format":"standard","meta":[],"categories":[12,33,14],"tags":[],"_links":{"self":[{"href":"https:\/\/verdeestereo.com\/radio\/index.php\/wp-json\/wp\/v2\/posts\/132"}],"collection":[{"href":"https:\/\/verdeestereo.com\/radio\/index.php\/wp-json\/wp\/v2\/posts"}],"about":[{"href":"https:\/\/verdeestereo.com\/radio\/index.php\/wp-json\/wp\/v2\/types\/post"}],"author":[{"embeddable":true,"href":"https:\/\/verdeestereo.com\/radio\/index.php\/wp-json\/wp\/v2\/users\/3"}],"replies":[{"embeddable":true,"href":"https:\/\/verdeestereo.com\/radio\/index.php\/wp-json\/wp\/v2\/comments?post=132"}],"version-history":[{"count":9,"href":"https:\/\/verdeestereo.com\/radio\/index.php\/wp-json\/wp\/v2\/posts\/132\/revisions"}],"predecessor-version":[{"id":1275,"href":"https:\/\/verdeestereo.com\/radio\/index.php\/wp-json\/wp\/v2\/posts\/132\/revisions\/1275"}],"wp:featuredmedia":[{"embeddable":true,"href":"https:\/\/verdeestereo.com\/radio\/index.php\/wp-json\/wp\/v2\/media\/1151"}],"wp:attachment":[{"href":"https:\/\/verdeestereo.com\/radio\/index.php\/wp-json\/wp\/v2\/media?parent=132"}],"wp:term":[{"taxonomy":"category","embeddable":true,"href":"https:\/\/verdeestereo.com\/radio\/index.php\/wp-json\/wp\/v2\/categories?post=132"},{"taxonomy":"post_tag","embeddable":true,"href":"https:\/\/verdeestereo.com\/radio\/index.php\/wp-json\/wp\/v2\/tags?post=132"}],"curies":[{"name":"wp","href":"https:\/\/api.w.org\/{rel}","templated":true}]}}